{"id":1544,"date":"2026-04-30T14:02:16","date_gmt":"2026-04-30T14:02:16","guid":{"rendered":"https:\/\/lasalsadecuba.com\/?p=1544"},"modified":"2026-04-30T22:45:10","modified_gmt":"2026-04-30T22:45:10","slug":"abadinomueve","status":"publish","type":"post","link":"https:\/\/lasalsadecuba.com\/eus\/abadinomueve\/","title":{"rendered":"abadi\u00f1omueve"},"content":{"rendered":"<p>[et_pb_section fb_built=&#8221;1&#8243; _builder_version=&#8221;4.16&#8243; _module_preset=&#8221;default&#8221; custom_padding=&#8221;|||1px||&#8221; global_colors_info=&#8221;{}&#8221;][et_pb_row _builder_version=&#8221;4.27.6&#8243; _module_preset=&#8221;default&#8221; global_colors_info=&#8221;{}&#8221;][et_pb_column type=&#8221;4_4&#8243; _builder_version=&#8221;4.16&#8243; _module_preset=&#8221;default&#8221; global_colors_info=&#8221;{}&#8221;][et_pb_blurb image=&#8221;https:\/\/lasalsadecuba.com\/wp-content\/uploads\/2026\/04\/WhatsApp-Image-2026-04-30-at-16.44.24.jpeg&#8221; alt=&#8221;A lo0 cubano 2024&#8243; _builder_version=&#8221;4.27.6&#8243; _module_preset=&#8221;default&#8221; global_colors_info=&#8221;{}&#8221;]<\/p>\n<div class=\"xdj266r x14z9mp xat24cr x1lziwak x1vvkbs x126k92a\">\n<h3 dir=\"auto\"><span class=\"html-span xexx8yu xyri2b x18d9i69 x1c1uobl x1hl2dhg x16tdsg8 x1vvkbs x3nfvp2 x1j61x8r x1fcty0u xdj266r xat24cr xm2jcoa x1mpyi22 xxymvpz xlup9mm x1kky2od\"><img decoding=\"async\" height=\"16\" width=\"16\" class=\"xz74otr x15mokao x1ga7v0g x16uus16 xbiv7yw lazyload\" alt=\"\ud83c\udf97\ufe0f\" referrerpolicy=\"origin-when-cross-origin\" data-src=\"https:\/\/static.xx.fbcdn.net\/images\/emoji.php\/v9\/t29\/1\/16\/1f397.png\" src=\"data:image\/svg+xml;base64,PHN2ZyB3aWR0aD0iMSIgaGVpZ2h0PSIxIiB4bWxucz0iaHR0cDovL3d3dy53My5vcmcvMjAwMC9zdmciPjwvc3ZnPg==\" style=\"--smush-placeholder-width: 16px; --smush-placeholder-aspect-ratio: 16\/16;\" \/><\/span> **ABADI\u00d1O SE MUEVE POR LA ESCLEROSIS M\u00daLTIPLE 2026** ya est\u00e1 en marcha\u2026 \u00a1y te necesitamos! <span class=\"html-span xexx8yu xyri2b x18d9i69 x1c1uobl x1hl2dhg x16tdsg8 x1vvkbs x3nfvp2 x1j61x8r x1fcty0u xdj266r xat24cr xm2jcoa x1mpyi22 xxymvpz xlup9mm x1kky2od\"><img decoding=\"async\" height=\"16\" width=\"16\" class=\"xz74otr x15mokao x1ga7v0g x16uus16 xbiv7yw lazyload\" alt=\"\ud83d\udc9b\" referrerpolicy=\"origin-when-cross-origin\" data-src=\"https:\/\/static.xx.fbcdn.net\/images\/emoji.php\/v9\/t15\/1\/16\/1f49b.png\" src=\"data:image\/svg+xml;base64,PHN2ZyB3aWR0aD0iMSIgaGVpZ2h0PSIxIiB4bWxucz0iaHR0cDovL3d3dy53My5vcmcvMjAwMC9zdmciPjwvc3ZnPg==\" style=\"--smush-placeholder-width: 16px; --smush-placeholder-aspect-ratio: 16\/16;\" \/><\/span><\/h3>\n<\/div>\n<div dir=\"auto\">El pr\u00f3ximo **30 de mayo de 2026**, Abadi\u00f1o se llenar\u00e1 de energ\u00eda, m\u00fasica y solidaridad en un evento \u00fanico <span class=\"html-span xexx8yu xyri2b x18d9i69 x1c1uobl x1hl2dhg x16tdsg8 x1vvkbs x3nfvp2 x1j61x8r x1fcty0u xdj266r xat24cr xm2jcoa x1mpyi22 xxymvpz xlup9mm x1kky2od\"><img decoding=\"async\" height=\"16\" width=\"16\" class=\"xz74otr x15mokao x1ga7v0g x16uus16 xbiv7yw lazyload\" alt=\"\ud83d\udc83\" referrerpolicy=\"origin-when-cross-origin\" data-src=\"https:\/\/static.xx.fbcdn.net\/images\/emoji.php\/v9\/tc7\/1\/16\/1f483.png\" src=\"data:image\/svg+xml;base64,PHN2ZyB3aWR0aD0iMSIgaGVpZ2h0PSIxIiB4bWxucz0iaHR0cDovL3d3dy53My5vcmcvMjAwMC9zdmciPjwvc3ZnPg==\" style=\"--smush-placeholder-width: 16px; --smush-placeholder-aspect-ratio: 16\/16;\" \/><\/span><span class=\"html-span xexx8yu xyri2b x18d9i69 x1c1uobl x1hl2dhg x16tdsg8 x1vvkbs x3nfvp2 x1j61x8r x1fcty0u xdj266r xat24cr xm2jcoa x1mpyi22 xxymvpz xlup9mm x1kky2od\"><img decoding=\"async\" height=\"16\" width=\"16\" class=\"xz74otr x15mokao x1ga7v0g x16uus16 xbiv7yw lazyload\" alt=\"\ud83d\udeb4\u200d\u2642\ufe0f\" referrerpolicy=\"origin-when-cross-origin\" data-src=\"https:\/\/static.xx.fbcdn.net\/images\/emoji.php\/v9\/t10\/1\/16\/1f6b4_200d_2642.png\" src=\"data:image\/svg+xml;base64,PHN2ZyB3aWR0aD0iMSIgaGVpZ2h0PSIxIiB4bWxucz0iaHR0cDovL3d3dy53My5vcmcvMjAwMC9zdmciPjwvc3ZnPg==\" style=\"--smush-placeholder-width: 16px; --smush-placeholder-aspect-ratio: 16\/16;\" \/><\/span><\/div>\n<div dir=\"auto\"><span class=\"html-span xexx8yu xyri2b x18d9i69 x1c1uobl x1hl2dhg x16tdsg8 x1vvkbs x3nfvp2 x1j61x8r x1fcty0u xdj266r xat24cr xm2jcoa x1mpyi22 xxymvpz xlup9mm x1kky2od\"><img decoding=\"async\" height=\"16\" width=\"16\" class=\"xz74otr x15mokao x1ga7v0g x16uus16 xbiv7yw lazyload\" alt=\"\ud83d\udc49\" referrerpolicy=\"origin-when-cross-origin\" data-src=\"https:\/\/static.xx.fbcdn.net\/images\/emoji.php\/v9\/t51\/1\/16\/1f449.png\" src=\"data:image\/svg+xml;base64,PHN2ZyB3aWR0aD0iMSIgaGVpZ2h0PSIxIiB4bWxucz0iaHR0cDovL3d3dy53My5vcmcvMjAwMC9zdmciPjwvc3ZnPg==\" style=\"--smush-placeholder-width: 16px; --smush-placeholder-aspect-ratio: 16\/16;\" \/><\/span> Un festival cultural y deportivo<\/div>\n<div dir=\"auto\"><span class=\"html-span xexx8yu xyri2b x18d9i69 x1c1uobl x1hl2dhg x16tdsg8 x1vvkbs x3nfvp2 x1j61x8r x1fcty0u xdj266r xat24cr xm2jcoa x1mpyi22 xxymvpz xlup9mm x1kky2od\"><img decoding=\"async\" height=\"16\" width=\"16\" class=\"xz74otr x15mokao x1ga7v0g x16uus16 xbiv7yw lazyload\" alt=\"\ud83d\udc49\" referrerpolicy=\"origin-when-cross-origin\" data-src=\"https:\/\/static.xx.fbcdn.net\/images\/emoji.php\/v9\/t51\/1\/16\/1f449.png\" src=\"data:image\/svg+xml;base64,PHN2ZyB3aWR0aD0iMSIgaGVpZ2h0PSIxIiB4bWxucz0iaHR0cDovL3d3dy53My5vcmcvMjAwMC9zdmciPjwvc3ZnPg==\" style=\"--smush-placeholder-width: 16px; --smush-placeholder-aspect-ratio: 16\/16;\" \/><\/span> Actividades para todas las edades<\/div>\n<div dir=\"auto\"><span class=\"html-span xexx8yu xyri2b x18d9i69 x1c1uobl x1hl2dhg x16tdsg8 x1vvkbs x3nfvp2 x1j61x8r x1fcty0u xdj266r xat24cr xm2jcoa x1mpyi22 xxymvpz xlup9mm x1kky2od\"><img decoding=\"async\" height=\"16\" width=\"16\" class=\"xz74otr x15mokao x1ga7v0g x16uus16 xbiv7yw lazyload\" alt=\"\ud83d\udc49\" referrerpolicy=\"origin-when-cross-origin\" data-src=\"https:\/\/static.xx.fbcdn.net\/images\/emoji.php\/v9\/t51\/1\/16\/1f449.png\" src=\"data:image\/svg+xml;base64,PHN2ZyB3aWR0aD0iMSIgaGVpZ2h0PSIxIiB4bWxucz0iaHR0cDovL3d3dy53My5vcmcvMjAwMC9zdmciPjwvc3ZnPg==\" style=\"--smush-placeholder-width: 16px; --smush-placeholder-aspect-ratio: 16\/16;\" \/><\/span> Baile, deporte, animaci\u00f3n y orquesta en vivo<\/div>\n<div dir=\"auto\"><span class=\"html-span xexx8yu xyri2b x18d9i69 x1c1uobl x1hl2dhg x16tdsg8 x1vvkbs x3nfvp2 x1j61x8r x1fcty0u xdj266r xat24cr xm2jcoa x1mpyi22 xxymvpz xlup9mm x1kky2od\"><img decoding=\"async\" height=\"16\" width=\"16\" class=\"xz74otr x15mokao x1ga7v0g x16uus16 xbiv7yw lazyload\" alt=\"\u2764\ufe0f\" referrerpolicy=\"origin-when-cross-origin\" data-src=\"https:\/\/static.xx.fbcdn.net\/images\/emoji.php\/v9\/t6c\/1\/16\/2764.png\" src=\"data:image\/svg+xml;base64,PHN2ZyB3aWR0aD0iMSIgaGVpZ2h0PSIxIiB4bWxucz0iaHR0cDovL3d3dy53My5vcmcvMjAwMC9zdmciPjwvc3ZnPg==\" style=\"--smush-placeholder-width: 16px; --smush-placeholder-aspect-ratio: 16\/16;\" \/><\/span> **Con un objetivo muy claro:**<\/div>\n<div dir=\"auto\">Apoyar a las personas con Esclerosis M\u00faltiple y colaborar con la Asociaci\u00f3n de Esclerosis M\u00faltiple de Bizkaia (ADEMBI).<\/div>\n<div dir=\"auto\"><span class=\"html-span xexx8yu xyri2b x18d9i69 x1c1uobl x1hl2dhg x16tdsg8 x1vvkbs x3nfvp2 x1j61x8r x1fcty0u xdj266r xat24cr xm2jcoa x1mpyi22 xxymvpz xlup9mm x1kky2od\"><img decoding=\"async\" height=\"16\" width=\"16\" class=\"xz74otr x15mokao x1ga7v0g x16uus16 xbiv7yw lazyload\" alt=\"\u2728\" referrerpolicy=\"origin-when-cross-origin\" data-src=\"https:\/\/static.xx.fbcdn.net\/images\/emoji.php\/v9\/tf4\/1\/16\/2728.png\" src=\"data:image\/svg+xml;base64,PHN2ZyB3aWR0aD0iMSIgaGVpZ2h0PSIxIiB4bWxucz0iaHR0cDovL3d3dy53My5vcmcvMjAwMC9zdmciPjwvc3ZnPg==\" style=\"--smush-placeholder-width: 16px; --smush-placeholder-aspect-ratio: 16\/16;\" \/><\/span> **Muy importante:**<\/div>\n<div dir=\"auto\"><span class=\"html-span xexx8yu xyri2b x18d9i69 x1c1uobl x1hl2dhg x16tdsg8 x1vvkbs x3nfvp2 x1j61x8r x1fcty0u xdj266r xat24cr xm2jcoa x1mpyi22 xxymvpz xlup9mm x1kky2od\"><img decoding=\"async\" height=\"16\" width=\"16\" class=\"xz74otr x15mokao x1ga7v0g x16uus16 xbiv7yw lazyload\" alt=\"\ud83d\udd36\" referrerpolicy=\"origin-when-cross-origin\" data-src=\"https:\/\/static.xx.fbcdn.net\/images\/emoji.php\/v9\/t70\/1\/16\/1f536.png\" src=\"data:image\/svg+xml;base64,PHN2ZyB3aWR0aD0iMSIgaGVpZ2h0PSIxIiB4bWxucz0iaHR0cDovL3d3dy53My5vcmcvMjAwMC9zdmciPjwvc3ZnPg==\" style=\"--smush-placeholder-width: 16px; --smush-placeholder-aspect-ratio: 16\/16;\" \/><\/span> Compra tu **pulsera solidaria** por solo 3 \u20ac para poder participar en todas las actividades<\/div>\n<div dir=\"auto\"><span class=\"html-span xexx8yu xyri2b x18d9i69 x1c1uobl x1hl2dhg x16tdsg8 x1vvkbs x3nfvp2 x1j61x8r x1fcty0u xdj266r xat24cr xm2jcoa x1mpyi22 xxymvpz xlup9mm x1kky2od\"><img decoding=\"async\" height=\"16\" width=\"16\" class=\"xz74otr x15mokao x1ga7v0g x16uus16 xbiv7yw lazyload\" alt=\"\ud83d\udd36\" referrerpolicy=\"origin-when-cross-origin\" data-src=\"https:\/\/static.xx.fbcdn.net\/images\/emoji.php\/v9\/t70\/1\/16\/1f536.png\" src=\"data:image\/svg+xml;base64,PHN2ZyB3aWR0aD0iMSIgaGVpZ2h0PSIxIiB4bWxucz0iaHR0cDovL3d3dy53My5vcmcvMjAwMC9zdmciPjwvc3ZnPg==\" style=\"--smush-placeholder-width: 16px; --smush-placeholder-aspect-ratio: 16\/16;\" \/><\/span> El **100% de lo recaudado ser\u00e1 destinado a apoyar a los pacientes con esta terrible enfermedad.**<\/div>\n<div dir=\"auto\"><span class=\"html-span xexx8yu xyri2b x18d9i69 x1c1uobl x1hl2dhg x16tdsg8 x1vvkbs x3nfvp2 x1j61x8r x1fcty0u xdj266r xat24cr xm2jcoa x1mpyi22 xxymvpz xlup9mm x1kky2od\"><img decoding=\"async\" height=\"16\" width=\"16\" class=\"xz74otr x15mokao x1ga7v0g x16uus16 xbiv7yw lazyload\" alt=\"\ud83d\udce2\" referrerpolicy=\"origin-when-cross-origin\" data-src=\"https:\/\/static.xx.fbcdn.net\/images\/emoji.php\/v9\/t39\/1\/16\/1f4e2.png\" src=\"data:image\/svg+xml;base64,PHN2ZyB3aWR0aD0iMSIgaGVpZ2h0PSIxIiB4bWxucz0iaHR0cDovL3d3dy53My5vcmcvMjAwMC9zdmciPjwvc3ZnPg==\" style=\"--smush-placeholder-width: 16px; --smush-placeholder-aspect-ratio: 16\/16;\" \/><\/span> En breve publicaremos el cartel completo con todas las actividades\u2026 \u00a1pero ya puedes ir reservando la fecha!<\/div>\n<div dir=\"auto\"><span class=\"html-span xexx8yu xyri2b x18d9i69 x1c1uobl x1hl2dhg x16tdsg8 x1vvkbs x3nfvp2 x1j61x8r x1fcty0u xdj266r xat24cr xm2jcoa x1mpyi22 xxymvpz xlup9mm x1kky2od\"><img decoding=\"async\" height=\"16\" width=\"16\" class=\"xz74otr x15mokao x1ga7v0g x16uus16 xbiv7yw lazyload\" alt=\"\ud83d\ude4c\" referrerpolicy=\"origin-when-cross-origin\" data-src=\"https:\/\/static.xx.fbcdn.net\/images\/emoji.php\/v9\/tfd\/1\/16\/1f64c.png\" src=\"data:image\/svg+xml;base64,PHN2ZyB3aWR0aD0iMSIgaGVpZ2h0PSIxIiB4bWxucz0iaHR0cDovL3d3dy53My5vcmcvMjAwMC9zdmciPjwvc3ZnPg==\" style=\"--smush-placeholder-width: 16px; --smush-placeholder-aspect-ratio: 16\/16;\" \/><\/span> Ven con amigos, familia o compa\u00f1eros\u2026<\/div>\n<div dir=\"auto\"><span class=\"html-span xexx8yu xyri2b x18d9i69 x1c1uobl x1hl2dhg x16tdsg8 x1vvkbs x3nfvp2 x1j61x8r x1fcty0u xdj266r xat24cr xm2jcoa x1mpyi22 xxymvpz xlup9mm x1kky2od\"><img decoding=\"async\" height=\"16\" width=\"16\" class=\"xz74otr x15mokao x1ga7v0g x16uus16 xbiv7yw lazyload\" alt=\"\ud83d\udca5\" referrerpolicy=\"origin-when-cross-origin\" data-src=\"https:\/\/static.xx.fbcdn.net\/images\/emoji.php\/v9\/t40\/1\/16\/1f4a5.png\" src=\"data:image\/svg+xml;base64,PHN2ZyB3aWR0aD0iMSIgaGVpZ2h0PSIxIiB4bWxucz0iaHR0cDovL3d3dy53My5vcmcvMjAwMC9zdmciPjwvc3ZnPg==\" style=\"--smush-placeholder-width: 16px; --smush-placeholder-aspect-ratio: 16\/16;\" \/><\/span> Mu\u00e9vete, baila y ayuda por una gran causa<\/div>\n<div class=\"x14z9mp xat24cr x1lziwak x1vvkbs xtlvy1s x126k92a\">\n<h3 dir=\"auto\"><\/h3>\n<\/div>\n<p>[\/et_pb_blurb][\/et_pb_column][\/et_pb_row][\/et_pb_section][et_pb_section fb_built=&#8221;1&#8243; _builder_version=&#8221;4.16&#8243; _module_preset=&#8221;default&#8221; global_colors_info=&#8221;{}&#8221;][et_pb_row _builder_version=&#8221;4.16&#8243; _module_preset=&#8221;default&#8221; global_colors_info=&#8221;{}&#8221;][et_pb_column type=&#8221;4_4&#8243; _builder_version=&#8221;4.16&#8243; _module_preset=&#8221;default&#8221; global_colors_info=&#8221;{}&#8221;][et_pb_text _builder_version=&#8221;4.27.6&#8243; _module_preset=&#8221;default&#8221; link_option_url_new_window=&#8221;on&#8221; global_colors_info=&#8221;{}&#8221;]<\/p>\n<p style=\"text-align: center;\"><span style=\"font-size: xx-large;\"><a href=\"https:\/\/lasalsadecuba.com\/programaabadino\" target=\"_blank\" rel=\"noopener\">Programa<\/a><\/span><\/p>\n<p style=\"text-align: center;\"><span style=\"font-size: xx-large;\"><a href=\"https:\/\/lasalsadecuba.com\/abadinopulsera\" target=\"_blank\" rel=\"noopener\">Pulsera Solidaria<\/a><\/span><\/p>\n<p style=\"text-align: center;\"><span style=\"font-size: xx-large;\"><a href=\"https:\/\/lasalsadecuba.com\/abadinofotos\" target=\"_blank\" rel=\"noopener\">Fotos y videos<\/a><\/span><\/p>\n<p style=\"text-align: center;\"><span style=\"font-size: xx-large;\"><\/span><\/p>\n<p>[\/et_pb_text][\/et_pb_column][\/et_pb_row][\/et_pb_section]<\/p>\n","protected":false},"excerpt":{"rendered":"<p>**ABADI\u00d1O SE MUEVE POR LA ESCLEROSIS M\u00daLTIPLE 2026** ya est\u00e1 en marcha\u2026 \u00a1y te necesitamos! El pr\u00f3ximo **30 de mayo de 2026**, Abadi\u00f1o se llenar\u00e1 de energ\u00eda, m\u00fasica y solidaridad en un evento \u00fanico Un festival cultural y deportivo Actividades para todas las edades Baile, deporte, animaci\u00f3n y orquesta en vivo **Con un objetivo muy [&hellip;]<\/p>\n","protected":false},"author":1,"featured_media":0,"comment_status":"closed","ping_status":"closed","sticky":false,"template":"","format":"standard","meta":{"nf_dc_page":"","_et_pb_use_builder":"on","_et_pb_old_content":"","_et_gb_content_width":"1080","_joinchat":[],"footnotes":""},"categories":[1],"tags":[],"class_list":["post-1544","post","type-post","status-publish","format-standard","hentry","category-uncategorized"],"yoast_head":"<!-- This site is optimized with the Yoast SEO plugin v27.5 - https:\/\/yoast.com\/product\/yoast-seo-wordpress\/ -->\n<title>abadi\u00f1omueve - La salsa de Cuba<\/title>\n<meta name=\"robots\" content=\"index, follow, max-snippet:-1, max-image-preview:large, max-video-preview:-1\" \/>\n<link rel=\"canonical\" href=\"https:\/\/lasalsadecuba.com\/eus\/abadinomueve\/\" \/>\n<meta property=\"og:locale\" content=\"en_US\" \/>\n<meta property=\"og:type\" content=\"article\" \/>\n<meta property=\"og:title\" content=\"abadi\u00f1omueve - La salsa de Cuba\" \/>\n<meta property=\"og:description\" content=\"**ABADI\u00d1O SE MUEVE POR LA ESCLEROSIS M\u00daLTIPLE 2026** ya est\u00e1 en marcha\u2026 \u00a1y te necesitamos! El pr\u00f3ximo **30 de mayo de 2026**, Abadi\u00f1o se llenar\u00e1 de energ\u00eda, m\u00fasica y solidaridad en un evento \u00fanico Un festival cultural y deportivo Actividades para todas las edades Baile, deporte, animaci\u00f3n y orquesta en vivo **Con un objetivo muy [&hellip;]\" \/>\n<meta property=\"og:url\" content=\"https:\/\/lasalsadecuba.com\/eus\/abadinomueve\/\" \/>\n<meta property=\"og:site_name\" content=\"La salsa de Cuba\" \/>\n<meta property=\"article:published_time\" content=\"2026-04-30T14:02:16+00:00\" \/>\n<meta property=\"article:modified_time\" content=\"2026-04-30T22:45:10+00:00\" \/>\n<meta property=\"og:image\" content=\"https:\/\/static.xx.fbcdn.net\/images\/emoji.php\/v9\/t29\/1\/16\/1f397.png\" \/>\n<meta name=\"author\" content=\"rsuarezw\" \/>\n<meta name=\"twitter:card\" content=\"summary_large_image\" \/>\n<meta name=\"twitter:label1\" content=\"Written by\" \/>\n\t<meta name=\"twitter:data1\" content=\"rsuarezw\" \/>\n\t<meta name=\"twitter:label2\" content=\"Est. reading time\" \/>\n\t<meta name=\"twitter:data2\" content=\"4 minutua\" \/>\n<script type=\"application\/ld+json\" class=\"yoast-schema-graph\">{\"@context\":\"https:\\\/\\\/schema.org\",\"@graph\":[{\"@type\":\"Article\",\"@id\":\"https:\\\/\\\/lasalsadecuba.com\\\/abadinomueve\\\/#article\",\"isPartOf\":{\"@id\":\"https:\\\/\\\/lasalsadecuba.com\\\/abadinomueve\\\/\"},\"author\":{\"name\":\"rsuarezw\",\"@id\":\"https:\\\/\\\/lasalsadecuba.com\\\/#\\\/schema\\\/person\\\/75860b9ac2c4fc2fd1bfb9b38bc0e17e\"},\"headline\":\"abadi\u00f1omueve\",\"datePublished\":\"2026-04-30T14:02:16+00:00\",\"dateModified\":\"2026-04-30T22:45:10+00:00\",\"mainEntityOfPage\":{\"@id\":\"https:\\\/\\\/lasalsadecuba.com\\\/abadinomueve\\\/\"},\"wordCount\":294,\"publisher\":{\"@id\":\"https:\\\/\\\/lasalsadecuba.com\\\/#organization\"},\"image\":{\"@id\":\"https:\\\/\\\/lasalsadecuba.com\\\/abadinomueve\\\/#primaryimage\"},\"thumbnailUrl\":\"https:\\\/\\\/static.xx.fbcdn.net\\\/images\\\/emoji.php\\\/v9\\\/t29\\\/1\\\/16\\\/1f397.png\",\"articleSection\":[\"Uncategorized\"],\"inLanguage\":\"eu\"},{\"@type\":\"WebPage\",\"@id\":\"https:\\\/\\\/lasalsadecuba.com\\\/abadinomueve\\\/\",\"url\":\"https:\\\/\\\/lasalsadecuba.com\\\/abadinomueve\\\/\",\"name\":\"abadi\u00f1omueve - La salsa de Cuba\",\"isPartOf\":{\"@id\":\"https:\\\/\\\/lasalsadecuba.com\\\/#website\"},\"primaryImageOfPage\":{\"@id\":\"https:\\\/\\\/lasalsadecuba.com\\\/abadinomueve\\\/#primaryimage\"},\"image\":{\"@id\":\"https:\\\/\\\/lasalsadecuba.com\\\/abadinomueve\\\/#primaryimage\"},\"thumbnailUrl\":\"https:\\\/\\\/static.xx.fbcdn.net\\\/images\\\/emoji.php\\\/v9\\\/t29\\\/1\\\/16\\\/1f397.png\",\"datePublished\":\"2026-04-30T14:02:16+00:00\",\"dateModified\":\"2026-04-30T22:45:10+00:00\",\"breadcrumb\":{\"@id\":\"https:\\\/\\\/lasalsadecuba.com\\\/abadinomueve\\\/#breadcrumb\"},\"inLanguage\":\"eu\",\"potentialAction\":[{\"@type\":\"ReadAction\",\"target\":[\"https:\\\/\\\/lasalsadecuba.com\\\/abadinomueve\\\/\"]}]},{\"@type\":\"ImageObject\",\"inLanguage\":\"eu\",\"@id\":\"https:\\\/\\\/lasalsadecuba.com\\\/abadinomueve\\\/#primaryimage\",\"url\":\"https:\\\/\\\/static.xx.fbcdn.net\\\/images\\\/emoji.php\\\/v9\\\/t29\\\/1\\\/16\\\/1f397.png\",\"contentUrl\":\"https:\\\/\\\/static.xx.fbcdn.net\\\/images\\\/emoji.php\\\/v9\\\/t29\\\/1\\\/16\\\/1f397.png\"},{\"@type\":\"BreadcrumbList\",\"@id\":\"https:\\\/\\\/lasalsadecuba.com\\\/abadinomueve\\\/#breadcrumb\",\"itemListElement\":[{\"@type\":\"ListItem\",\"position\":1,\"name\":\"Portada\",\"item\":\"https:\\\/\\\/lasalsadecuba.com\\\/\"},{\"@type\":\"ListItem\",\"position\":2,\"name\":\"abadi\u00f1omueve\"}]},{\"@type\":\"WebSite\",\"@id\":\"https:\\\/\\\/lasalsadecuba.com\\\/#website\",\"url\":\"https:\\\/\\\/lasalsadecuba.com\\\/\",\"name\":\"La salsa de Cuba\",\"description\":\"Ernesto Miari, La salsa de Cuba. La web que te trae la cuban\u00eda.\",\"publisher\":{\"@id\":\"https:\\\/\\\/lasalsadecuba.com\\\/#organization\"},\"potentialAction\":[{\"@type\":\"SearchAction\",\"target\":{\"@type\":\"EntryPoint\",\"urlTemplate\":\"https:\\\/\\\/lasalsadecuba.com\\\/?s={search_term_string}\"},\"query-input\":{\"@type\":\"PropertyValueSpecification\",\"valueRequired\":true,\"valueName\":\"search_term_string\"}}],\"inLanguage\":\"eu\"},{\"@type\":\"Organization\",\"@id\":\"https:\\\/\\\/lasalsadecuba.com\\\/#organization\",\"name\":\"La salsa de Cuba\",\"url\":\"https:\\\/\\\/lasalsadecuba.com\\\/\",\"logo\":{\"@type\":\"ImageObject\",\"inLanguage\":\"eu\",\"@id\":\"https:\\\/\\\/lasalsadecuba.com\\\/#\\\/schema\\\/logo\\\/image\\\/\",\"url\":\"https:\\\/\\\/lasalsadecuba.com\\\/wp-content\\\/uploads\\\/2022\\\/04\\\/logo.png\",\"contentUrl\":\"https:\\\/\\\/lasalsadecuba.com\\\/wp-content\\\/uploads\\\/2022\\\/04\\\/logo.png\",\"width\":960,\"height\":1088,\"caption\":\"La salsa de Cuba\"},\"image\":{\"@id\":\"https:\\\/\\\/lasalsadecuba.com\\\/#\\\/schema\\\/logo\\\/image\\\/\"}},{\"@type\":\"Person\",\"@id\":\"https:\\\/\\\/lasalsadecuba.com\\\/#\\\/schema\\\/person\\\/75860b9ac2c4fc2fd1bfb9b38bc0e17e\",\"name\":\"rsuarezw\",\"url\":\"https:\\\/\\\/lasalsadecuba.com\\\/eus\\\/author\\\/rsuarezw\\\/\"}]}<\/script>\n<!-- \/ Yoast SEO plugin. -->","yoast_head_json":{"title":"abadi\u00f1omueve - La salsa de Cuba","robots":{"index":"index","follow":"follow","max-snippet":"max-snippet:-1","max-image-preview":"max-image-preview:large","max-video-preview":"max-video-preview:-1"},"canonical":"https:\/\/lasalsadecuba.com\/eus\/abadinomueve\/","og_locale":"en_US","og_type":"article","og_title":"abadi\u00f1omueve - La salsa de Cuba","og_description":"**ABADI\u00d1O SE MUEVE POR LA ESCLEROSIS M\u00daLTIPLE 2026** ya est\u00e1 en marcha\u2026 \u00a1y te necesitamos! El pr\u00f3ximo **30 de mayo de 2026**, Abadi\u00f1o se llenar\u00e1 de energ\u00eda, m\u00fasica y solidaridad en un evento \u00fanico Un festival cultural y deportivo Actividades para todas las edades Baile, deporte, animaci\u00f3n y orquesta en vivo **Con un objetivo muy [&hellip;]","og_url":"https:\/\/lasalsadecuba.com\/eus\/abadinomueve\/","og_site_name":"La salsa de Cuba","article_published_time":"2026-04-30T14:02:16+00:00","article_modified_time":"2026-04-30T22:45:10+00:00","og_image":[{"url":"https:\/\/static.xx.fbcdn.net\/images\/emoji.php\/v9\/t29\/1\/16\/1f397.png","type":"","width":"","height":""}],"author":"rsuarezw","twitter_card":"summary_large_image","twitter_misc":{"Written by":"rsuarezw","Est. reading time":"4 minutua"},"schema":{"@context":"https:\/\/schema.org","@graph":[{"@type":"Article","@id":"https:\/\/lasalsadecuba.com\/abadinomueve\/#article","isPartOf":{"@id":"https:\/\/lasalsadecuba.com\/abadinomueve\/"},"author":{"name":"rsuarezw","@id":"https:\/\/lasalsadecuba.com\/#\/schema\/person\/75860b9ac2c4fc2fd1bfb9b38bc0e17e"},"headline":"abadi\u00f1omueve","datePublished":"2026-04-30T14:02:16+00:00","dateModified":"2026-04-30T22:45:10+00:00","mainEntityOfPage":{"@id":"https:\/\/lasalsadecuba.com\/abadinomueve\/"},"wordCount":294,"publisher":{"@id":"https:\/\/lasalsadecuba.com\/#organization"},"image":{"@id":"https:\/\/lasalsadecuba.com\/abadinomueve\/#primaryimage"},"thumbnailUrl":"https:\/\/static.xx.fbcdn.net\/images\/emoji.php\/v9\/t29\/1\/16\/1f397.png","articleSection":["Uncategorized"],"inLanguage":"eu"},{"@type":"WebPage","@id":"https:\/\/lasalsadecuba.com\/abadinomueve\/","url":"https:\/\/lasalsadecuba.com\/abadinomueve\/","name":"abadi\u00f1omueve - La salsa de Cuba","isPartOf":{"@id":"https:\/\/lasalsadecuba.com\/#website"},"primaryImageOfPage":{"@id":"https:\/\/lasalsadecuba.com\/abadinomueve\/#primaryimage"},"image":{"@id":"https:\/\/lasalsadecuba.com\/abadinomueve\/#primaryimage"},"thumbnailUrl":"https:\/\/static.xx.fbcdn.net\/images\/emoji.php\/v9\/t29\/1\/16\/1f397.png","datePublished":"2026-04-30T14:02:16+00:00","dateModified":"2026-04-30T22:45:10+00:00","breadcrumb":{"@id":"https:\/\/lasalsadecuba.com\/abadinomueve\/#breadcrumb"},"inLanguage":"eu","potentialAction":[{"@type":"ReadAction","target":["https:\/\/lasalsadecuba.com\/abadinomueve\/"]}]},{"@type":"ImageObject","inLanguage":"eu","@id":"https:\/\/lasalsadecuba.com\/abadinomueve\/#primaryimage","url":"https:\/\/static.xx.fbcdn.net\/images\/emoji.php\/v9\/t29\/1\/16\/1f397.png","contentUrl":"https:\/\/static.xx.fbcdn.net\/images\/emoji.php\/v9\/t29\/1\/16\/1f397.png"},{"@type":"BreadcrumbList","@id":"https:\/\/lasalsadecuba.com\/abadinomueve\/#breadcrumb","itemListElement":[{"@type":"ListItem","position":1,"name":"Portada","item":"https:\/\/lasalsadecuba.com\/"},{"@type":"ListItem","position":2,"name":"abadi\u00f1omueve"}]},{"@type":"WebSite","@id":"https:\/\/lasalsadecuba.com\/#website","url":"https:\/\/lasalsadecuba.com\/","name":"La salsa de Cuba","description":"Ernesto Miari, La salsa de Cuba. La web que te trae la cuban\u00eda.","publisher":{"@id":"https:\/\/lasalsadecuba.com\/#organization"},"potentialAction":[{"@type":"SearchAction","target":{"@type":"EntryPoint","urlTemplate":"https:\/\/lasalsadecuba.com\/?s={search_term_string}"},"query-input":{"@type":"PropertyValueSpecification","valueRequired":true,"valueName":"search_term_string"}}],"inLanguage":"eu"},{"@type":"Organization","@id":"https:\/\/lasalsadecuba.com\/#organization","name":"La salsa de Cuba","url":"https:\/\/lasalsadecuba.com\/","logo":{"@type":"ImageObject","inLanguage":"eu","@id":"https:\/\/lasalsadecuba.com\/#\/schema\/logo\/image\/","url":"https:\/\/lasalsadecuba.com\/wp-content\/uploads\/2022\/04\/logo.png","contentUrl":"https:\/\/lasalsadecuba.com\/wp-content\/uploads\/2022\/04\/logo.png","width":960,"height":1088,"caption":"La salsa de Cuba"},"image":{"@id":"https:\/\/lasalsadecuba.com\/#\/schema\/logo\/image\/"}},{"@type":"Person","@id":"https:\/\/lasalsadecuba.com\/#\/schema\/person\/75860b9ac2c4fc2fd1bfb9b38bc0e17e","name":"rsuarezw","url":"https:\/\/lasalsadecuba.com\/eus\/author\/rsuarezw\/"}]}},"_links":{"self":[{"href":"https:\/\/lasalsadecuba.com\/eus\/wp-json\/wp\/v2\/posts\/1544","targetHints":{"allow":["GET"]}}],"collection":[{"href":"https:\/\/lasalsadecuba.com\/eus\/wp-json\/wp\/v2\/posts"}],"about":[{"href":"https:\/\/lasalsadecuba.com\/eus\/wp-json\/wp\/v2\/types\/post"}],"author":[{"embeddable":true,"href":"https:\/\/lasalsadecuba.com\/eus\/wp-json\/wp\/v2\/users\/1"}],"replies":[{"embeddable":true,"href":"https:\/\/lasalsadecuba.com\/eus\/wp-json\/wp\/v2\/comments?post=1544"}],"version-history":[{"count":5,"href":"https:\/\/lasalsadecuba.com\/eus\/wp-json\/wp\/v2\/posts\/1544\/revisions"}],"predecessor-version":[{"id":1592,"href":"https:\/\/lasalsadecuba.com\/eus\/wp-json\/wp\/v2\/posts\/1544\/revisions\/1592"}],"wp:attachment":[{"href":"https:\/\/lasalsadecuba.com\/eus\/wp-json\/wp\/v2\/media?parent=1544"}],"wp:term":[{"taxonomy":"category","embeddable":true,"href":"https:\/\/lasalsadecuba.com\/eus\/wp-json\/wp\/v2\/categories?post=1544"},{"taxonomy":"post_tag","embeddable":true,"href":"https:\/\/lasalsadecuba.com\/eus\/wp-json\/wp\/v2\/tags?post=1544"}],"curies":[{"name":"wp","href":"https:\/\/api.w.org\/{rel}","templated":true}]}}